{"id":30439,"count":1,"description":"","link":"https:\/\/blogdoedvaldomagalhaes.com.br\/index.php\/tag\/estacao-ferroviaria-e-alto-do-moura-comecam-a-ser-montadas-para-o-sao-joao-2024\/","name":"Esta\u00e7\u00e3o Ferrovi\u00e1ria e Alto do Moura come\u00e7am a ser montadas para o S\u00e3o Jo\u00e3o 2024","slug":"estacao-ferroviaria-e-alto-do-moura-comecam-a-ser-montadas-para-o-sao-joao-2024","taxonomy":"post_tag","meta":[],"_links":{"self":[{"href":"https:\/\/blogdoedvaldomagalhaes.com.br\/index.php\/wp-json\/wp\/v2\/tags\/30439","targetHints":{"allow":["GET"]}}],"collection":[{"href":"https:\/\/blogdoedvaldomagalhaes.com.br\/index.php\/wp-json\/wp\/v2\/tags"}],"about":[{"href":"https:\/\/blogdoedvaldomagalhaes.com.br\/index.php\/wp-json\/wp\/v2\/taxonomies\/post_tag"}],"wp:post_type":[{"href":"https:\/\/blogdoedvaldomagalhaes.com.br\/index.php\/wp-json\/wp\/v2\/posts?tags=30439"}],"curies":[{"name":"wp","href":"https:\/\/api.w.org\/{rel}","templated":true}]}}