{"id":30424,"count":1,"description":"","link":"https:\/\/blogdoedvaldomagalhaes.com.br\/index.php\/tag\/bandas-as-fulo-e-mel-com-terra-se-apresentam-pela-primeira-vez-no-sao-joao-na-roca-e-levam-sucessos-para-cachoeira-seca\/","name":"Bandas As Ful\u00f4 e Mel com Terra se apresentam pela primeira vez no S\u00e3o Jo\u00e3o na Ro\u00e7a e levam sucessos para Cachoeira Seca","slug":"bandas-as-fulo-e-mel-com-terra-se-apresentam-pela-primeira-vez-no-sao-joao-na-roca-e-levam-sucessos-para-cachoeira-seca","taxonomy":"post_tag","meta":[],"_links":{"self":[{"href":"https:\/\/blogdoedvaldomagalhaes.com.br\/index.php\/wp-json\/wp\/v2\/tags\/30424","targetHints":{"allow":["GET"]}}],"collection":[{"href":"https:\/\/blogdoedvaldomagalhaes.com.br\/index.php\/wp-json\/wp\/v2\/tags"}],"about":[{"href":"https:\/\/blogdoedvaldomagalhaes.com.br\/index.php\/wp-json\/wp\/v2\/taxonomies\/post_tag"}],"wp:post_type":[{"href":"https:\/\/blogdoedvaldomagalhaes.com.br\/index.php\/wp-json\/wp\/v2\/posts?tags=30424"}],"curies":[{"name":"wp","href":"https:\/\/api.w.org\/{rel}","templated":true}]}}