{"id":30421,"count":1,"description":"","link":"https:\/\/blogdoedvaldomagalhaes.com.br\/index.php\/tag\/vila-lajes-recebe-tradicao-do-trio-nordestino-em-mais-uma-noite-de-sao-joao-na-roca\/","name":"Vila Lajes recebe tradi\u00e7\u00e3o do Trio Nordestino em mais uma noite de S\u00e3o Jo\u00e3o na Ro\u00e7a","slug":"vila-lajes-recebe-tradicao-do-trio-nordestino-em-mais-uma-noite-de-sao-joao-na-roca","taxonomy":"post_tag","meta":[],"_links":{"self":[{"href":"https:\/\/blogdoedvaldomagalhaes.com.br\/index.php\/wp-json\/wp\/v2\/tags\/30421","targetHints":{"allow":["GET"]}}],"collection":[{"href":"https:\/\/blogdoedvaldomagalhaes.com.br\/index.php\/wp-json\/wp\/v2\/tags"}],"about":[{"href":"https:\/\/blogdoedvaldomagalhaes.com.br\/index.php\/wp-json\/wp\/v2\/taxonomies\/post_tag"}],"wp:post_type":[{"href":"https:\/\/blogdoedvaldomagalhaes.com.br\/index.php\/wp-json\/wp\/v2\/posts?tags=30421"}],"curies":[{"name":"wp","href":"https:\/\/api.w.org\/{rel}","templated":true}]}}