{"id":30411,"count":1,"description":"","link":"https:\/\/blogdoedvaldomagalhaes.com.br\/index.php\/tag\/saude-nas-feiras-realiza-vacinacao-da-influenza-na-feira-da-boa-vista-neste-sabado-04\/","name":"Sa\u00fade nas Feiras realiza vacina\u00e7\u00e3o da Influenza na Feira da Boa Vista neste s\u00e1bado (04)","slug":"saude-nas-feiras-realiza-vacinacao-da-influenza-na-feira-da-boa-vista-neste-sabado-04","taxonomy":"post_tag","meta":[],"_links":{"self":[{"href":"https:\/\/blogdoedvaldomagalhaes.com.br\/index.php\/wp-json\/wp\/v2\/tags\/30411","targetHints":{"allow":["GET"]}}],"collection":[{"href":"https:\/\/blogdoedvaldomagalhaes.com.br\/index.php\/wp-json\/wp\/v2\/tags"}],"about":[{"href":"https:\/\/blogdoedvaldomagalhaes.com.br\/index.php\/wp-json\/wp\/v2\/taxonomies\/post_tag"}],"wp:post_type":[{"href":"https:\/\/blogdoedvaldomagalhaes.com.br\/index.php\/wp-json\/wp\/v2\/posts?tags=30411"}],"curies":[{"name":"wp","href":"https:\/\/api.w.org\/{rel}","templated":true}]}}