{"id":30398,"count":1,"description":"","link":"https:\/\/blogdoedvaldomagalhaes.com.br\/index.php\/tag\/programacao-do-maior-e-melhor-sao-joao-do-mundo-tem-inicio-na-casa-rosa-nesta-sexta-feira-3\/","name":"Programa\u00e7\u00e3o do Maior e Melhor S\u00e3o Jo\u00e3o do Mundo tem in\u00edcio na Casa Rosa nesta sexta-feira (3)","slug":"programacao-do-maior-e-melhor-sao-joao-do-mundo-tem-inicio-na-casa-rosa-nesta-sexta-feira-3","taxonomy":"post_tag","meta":[],"_links":{"self":[{"href":"https:\/\/blogdoedvaldomagalhaes.com.br\/index.php\/wp-json\/wp\/v2\/tags\/30398","targetHints":{"allow":["GET"]}}],"collection":[{"href":"https:\/\/blogdoedvaldomagalhaes.com.br\/index.php\/wp-json\/wp\/v2\/tags"}],"about":[{"href":"https:\/\/blogdoedvaldomagalhaes.com.br\/index.php\/wp-json\/wp\/v2\/taxonomies\/post_tag"}],"wp:post_type":[{"href":"https:\/\/blogdoedvaldomagalhaes.com.br\/index.php\/wp-json\/wp\/v2\/posts?tags=30398"}],"curies":[{"name":"wp","href":"https:\/\/api.w.org\/{rel}","templated":true}]}}