{"id":30382,"count":2,"description":"","link":"https:\/\/blogdoedvaldomagalhaes.com.br\/index.php\/tag\/abril-marrom-9-entre-10-casos-de-deficiencia-visual-no-brasil-sao-previsiveis-ou-trataveis\/","name":"Abril Marrom: 9 entre 10 casos de defici\u00eancia visual no Brasil s\u00e3o previs\u00edveis ou trat\u00e1veis","slug":"abril-marrom-9-entre-10-casos-de-deficiencia-visual-no-brasil-sao-previsiveis-ou-trataveis","taxonomy":"post_tag","meta":[],"_links":{"self":[{"href":"https:\/\/blogdoedvaldomagalhaes.com.br\/index.php\/wp-json\/wp\/v2\/tags\/30382","targetHints":{"allow":["GET"]}}],"collection":[{"href":"https:\/\/blogdoedvaldomagalhaes.com.br\/index.php\/wp-json\/wp\/v2\/tags"}],"about":[{"href":"https:\/\/blogdoedvaldomagalhaes.com.br\/index.php\/wp-json\/wp\/v2\/taxonomies\/post_tag"}],"wp:post_type":[{"href":"https:\/\/blogdoedvaldomagalhaes.com.br\/index.php\/wp-json\/wp\/v2\/posts?tags=30382"}],"curies":[{"name":"wp","href":"https:\/\/api.w.org\/{rel}","templated":true}]}}