{"id":30362,"count":1,"description":"","link":"https:\/\/blogdoedvaldomagalhaes.com.br\/index.php\/tag\/governo-de-pernambuco-e-ministerio-da-defesa-assinam-acordo-de-cooperacao-para-inicio-das-atividades-do-projeto-rondon-no-sertao\/","name":"Governo de Pernambuco e Minist\u00e9rio da Defesa assinam acordo de coopera\u00e7\u00e3o para in\u00edcio das atividades do Projeto Rondon no Sert\u00e3o","slug":"governo-de-pernambuco-e-ministerio-da-defesa-assinam-acordo-de-cooperacao-para-inicio-das-atividades-do-projeto-rondon-no-sertao","taxonomy":"post_tag","meta":[],"_links":{"self":[{"href":"https:\/\/blogdoedvaldomagalhaes.com.br\/index.php\/wp-json\/wp\/v2\/tags\/30362","targetHints":{"allow":["GET"]}}],"collection":[{"href":"https:\/\/blogdoedvaldomagalhaes.com.br\/index.php\/wp-json\/wp\/v2\/tags"}],"about":[{"href":"https:\/\/blogdoedvaldomagalhaes.com.br\/index.php\/wp-json\/wp\/v2\/taxonomies\/post_tag"}],"wp:post_type":[{"href":"https:\/\/blogdoedvaldomagalhaes.com.br\/index.php\/wp-json\/wp\/v2\/posts?tags=30362"}],"curies":[{"name":"wp","href":"https:\/\/api.w.org\/{rel}","templated":true}]}}