{"id":30360,"count":2,"description":"","link":"https:\/\/blogdoedvaldomagalhaes.com.br\/index.php\/tag\/prefeito-rodrigo-pinheiro-inaugura-centro-de-referencia-e-formacao-da-primeira-infancia\/","name":"prefeito Rodrigo Pinheiro inaugura Centro de Refer\u00eancia e Forma\u00e7\u00e3o da Primeira Inf\u00e2ncia","slug":"prefeito-rodrigo-pinheiro-inaugura-centro-de-referencia-e-formacao-da-primeira-infancia","taxonomy":"post_tag","meta":[],"_links":{"self":[{"href":"https:\/\/blogdoedvaldomagalhaes.com.br\/index.php\/wp-json\/wp\/v2\/tags\/30360","targetHints":{"allow":["GET"]}}],"collection":[{"href":"https:\/\/blogdoedvaldomagalhaes.com.br\/index.php\/wp-json\/wp\/v2\/tags"}],"about":[{"href":"https:\/\/blogdoedvaldomagalhaes.com.br\/index.php\/wp-json\/wp\/v2\/taxonomies\/post_tag"}],"wp:post_type":[{"href":"https:\/\/blogdoedvaldomagalhaes.com.br\/index.php\/wp-json\/wp\/v2\/posts?tags=30360"}],"curies":[{"name":"wp","href":"https:\/\/api.w.org\/{rel}","templated":true}]}}