{"id":30215,"count":1,"description":"","link":"https:\/\/blogdoedvaldomagalhaes.com.br\/index.php\/tag\/anderson-correia-pede-solucoes-e-informacoes-a-neoenergia-sobre-o-problema-de-falta-de-energia-em-caruaru\/","name":"Anderson Correia pede solu\u00e7\u00f5es e informa\u00e7\u00f5es \u00e0 Neoenergia sobre o problema de falta de energia em Caruaru","slug":"anderson-correia-pede-solucoes-e-informacoes-a-neoenergia-sobre-o-problema-de-falta-de-energia-em-caruaru","taxonomy":"post_tag","meta":[],"_links":{"self":[{"href":"https:\/\/blogdoedvaldomagalhaes.com.br\/index.php\/wp-json\/wp\/v2\/tags\/30215","targetHints":{"allow":["GET"]}}],"collection":[{"href":"https:\/\/blogdoedvaldomagalhaes.com.br\/index.php\/wp-json\/wp\/v2\/tags"}],"about":[{"href":"https:\/\/blogdoedvaldomagalhaes.com.br\/index.php\/wp-json\/wp\/v2\/taxonomies\/post_tag"}],"wp:post_type":[{"href":"https:\/\/blogdoedvaldomagalhaes.com.br\/index.php\/wp-json\/wp\/v2\/posts?tags=30215"}],"curies":[{"name":"wp","href":"https:\/\/api.w.org\/{rel}","templated":true}]}}