{"id":30185,"count":1,"description":"","link":"https:\/\/blogdoedvaldomagalhaes.com.br\/index.php\/tag\/ruas-no-entorno-da-praca-do-rosario-sao-interditadas-para-obra-de-recapeamento-nesta-segunda-feira-08\/","name":"Ruas no entorno da Pra\u00e7a do Ros\u00e1rio s\u00e3o interditadas para obra de recapeamento nesta segunda-feira (08)","slug":"ruas-no-entorno-da-praca-do-rosario-sao-interditadas-para-obra-de-recapeamento-nesta-segunda-feira-08","taxonomy":"post_tag","meta":[],"_links":{"self":[{"href":"https:\/\/blogdoedvaldomagalhaes.com.br\/index.php\/wp-json\/wp\/v2\/tags\/30185","targetHints":{"allow":["GET"]}}],"collection":[{"href":"https:\/\/blogdoedvaldomagalhaes.com.br\/index.php\/wp-json\/wp\/v2\/tags"}],"about":[{"href":"https:\/\/blogdoedvaldomagalhaes.com.br\/index.php\/wp-json\/wp\/v2\/taxonomies\/post_tag"}],"wp:post_type":[{"href":"https:\/\/blogdoedvaldomagalhaes.com.br\/index.php\/wp-json\/wp\/v2\/posts?tags=30185"}],"curies":[{"name":"wp","href":"https:\/\/api.w.org\/{rel}","templated":true}]}}