{"id":30179,"count":1,"description":"","link":"https:\/\/blogdoedvaldomagalhaes.com.br\/index.php\/tag\/em-harvard-governadora-raquel-lyra-debate-politicas-publicas-e-educacao-com-estudantes-de-varias-universidades-dos-estados-unidos\/","name":"Em Harvard governadora Raquel Lyra debate pol\u00edticas p\u00fablicas e educa\u00e7\u00e3o com estudantes de v\u00e1rias universidades dos Estados Unidos\u200b","slug":"em-harvard-governadora-raquel-lyra-debate-politicas-publicas-e-educacao-com-estudantes-de-varias-universidades-dos-estados-unidos","taxonomy":"post_tag","meta":[],"_links":{"self":[{"href":"https:\/\/blogdoedvaldomagalhaes.com.br\/index.php\/wp-json\/wp\/v2\/tags\/30179","targetHints":{"allow":["GET"]}}],"collection":[{"href":"https:\/\/blogdoedvaldomagalhaes.com.br\/index.php\/wp-json\/wp\/v2\/tags"}],"about":[{"href":"https:\/\/blogdoedvaldomagalhaes.com.br\/index.php\/wp-json\/wp\/v2\/taxonomies\/post_tag"}],"wp:post_type":[{"href":"https:\/\/blogdoedvaldomagalhaes.com.br\/index.php\/wp-json\/wp\/v2\/posts?tags=30179"}],"curies":[{"name":"wp","href":"https:\/\/api.w.org\/{rel}","templated":true}]}}