{"id":30154,"count":1,"description":"","link":"https:\/\/blogdoedvaldomagalhaes.com.br\/index.php\/tag\/secretaria-de-saude-de-caruaru-esta-com-inscricoes-abertas-para-o-iii-curso-de-cuidador-da-pessoa-idosa\/","name":"Secretaria de Sa\u00fade de Caruaru est\u00e1 com inscri\u00e7\u00f5es abertas para o III Curso de Cuidador da Pessoa Idosa","slug":"secretaria-de-saude-de-caruaru-esta-com-inscricoes-abertas-para-o-iii-curso-de-cuidador-da-pessoa-idosa","taxonomy":"post_tag","meta":[],"_links":{"self":[{"href":"https:\/\/blogdoedvaldomagalhaes.com.br\/index.php\/wp-json\/wp\/v2\/tags\/30154","targetHints":{"allow":["GET"]}}],"collection":[{"href":"https:\/\/blogdoedvaldomagalhaes.com.br\/index.php\/wp-json\/wp\/v2\/tags"}],"about":[{"href":"https:\/\/blogdoedvaldomagalhaes.com.br\/index.php\/wp-json\/wp\/v2\/taxonomies\/post_tag"}],"wp:post_type":[{"href":"https:\/\/blogdoedvaldomagalhaes.com.br\/index.php\/wp-json\/wp\/v2\/posts?tags=30154"}],"curies":[{"name":"wp","href":"https:\/\/api.w.org\/{rel}","templated":true}]}}