{"id":30143,"count":1,"description":"","link":"https:\/\/blogdoedvaldomagalhaes.com.br\/index.php\/tag\/em-reuniao-do-juntos-pela-seguranca-governadora-raquel-lyra-apresenta-panorama-do-sistema-penitenciario-para-secretario-do-ministerio-da-justica\/","name":"Em reuni\u00e3o do Juntos pela Seguran\u00e7a governadora Raquel Lyra apresenta panorama do sistema penitenci\u00e1rio para secret\u00e1rio do Minist\u00e9rio da Justi\u00e7a","slug":"em-reuniao-do-juntos-pela-seguranca-governadora-raquel-lyra-apresenta-panorama-do-sistema-penitenciario-para-secretario-do-ministerio-da-justica","taxonomy":"post_tag","meta":[],"_links":{"self":[{"href":"https:\/\/blogdoedvaldomagalhaes.com.br\/index.php\/wp-json\/wp\/v2\/tags\/30143","targetHints":{"allow":["GET"]}}],"collection":[{"href":"https:\/\/blogdoedvaldomagalhaes.com.br\/index.php\/wp-json\/wp\/v2\/tags"}],"about":[{"href":"https:\/\/blogdoedvaldomagalhaes.com.br\/index.php\/wp-json\/wp\/v2\/taxonomies\/post_tag"}],"wp:post_type":[{"href":"https:\/\/blogdoedvaldomagalhaes.com.br\/index.php\/wp-json\/wp\/v2\/posts?tags=30143"}],"curies":[{"name":"wp","href":"https:\/\/api.w.org\/{rel}","templated":true}]}}