{"id":30134,"count":1,"description":"","link":"https:\/\/blogdoedvaldomagalhaes.com.br\/index.php\/tag\/vereador-jorge-quintino-conduz-audiencia-publica-na-camara-municipal-com-foco-no-autismo-valorizando-capacidades-e-respeitando-limites\/","name":"Vereador Jorge Quintino conduz Audi\u00eancia P\u00fablica na C\u00e2mara Municipal com foco no Autismo: Valorizando Capacidades e Respeitando Limites","slug":"vereador-jorge-quintino-conduz-audiencia-publica-na-camara-municipal-com-foco-no-autismo-valorizando-capacidades-e-respeitando-limites","taxonomy":"post_tag","meta":[],"_links":{"self":[{"href":"https:\/\/blogdoedvaldomagalhaes.com.br\/index.php\/wp-json\/wp\/v2\/tags\/30134","targetHints":{"allow":["GET"]}}],"collection":[{"href":"https:\/\/blogdoedvaldomagalhaes.com.br\/index.php\/wp-json\/wp\/v2\/tags"}],"about":[{"href":"https:\/\/blogdoedvaldomagalhaes.com.br\/index.php\/wp-json\/wp\/v2\/taxonomies\/post_tag"}],"wp:post_type":[{"href":"https:\/\/blogdoedvaldomagalhaes.com.br\/index.php\/wp-json\/wp\/v2\/posts?tags=30134"}],"curies":[{"name":"wp","href":"https:\/\/api.w.org\/{rel}","templated":true}]}}