{"id":30085,"count":1,"description":"","link":"https:\/\/blogdoedvaldomagalhaes.com.br\/index.php\/tag\/maes-de-pernambuco-governadora-raquel-lyra-lanca-programa-que-vai-dar-auxilio-mensal-de-r-300-a-100-mil-mulheres-em-situacao-de-vulnerabilidade-social\/","name":"M\u00e3es de Pernambuco: governadora Raquel Lyra lan\u00e7a programa que vai dar aux\u00edlio mensal de R$ 300 a 100 mil mulheres em situa\u00e7\u00e3o de vulnerabilidade social","slug":"maes-de-pernambuco-governadora-raquel-lyra-lanca-programa-que-vai-dar-auxilio-mensal-de-r-300-a-100-mil-mulheres-em-situacao-de-vulnerabilidade-social","taxonomy":"post_tag","meta":[],"_links":{"self":[{"href":"https:\/\/blogdoedvaldomagalhaes.com.br\/index.php\/wp-json\/wp\/v2\/tags\/30085","targetHints":{"allow":["GET"]}}],"collection":[{"href":"https:\/\/blogdoedvaldomagalhaes.com.br\/index.php\/wp-json\/wp\/v2\/tags"}],"about":[{"href":"https:\/\/blogdoedvaldomagalhaes.com.br\/index.php\/wp-json\/wp\/v2\/taxonomies\/post_tag"}],"wp:post_type":[{"href":"https:\/\/blogdoedvaldomagalhaes.com.br\/index.php\/wp-json\/wp\/v2\/posts?tags=30085"}],"curies":[{"name":"wp","href":"https:\/\/api.w.org\/{rel}","templated":true}]}}