{"id":30081,"count":1,"description":"","link":"https:\/\/blogdoedvaldomagalhaes.com.br\/index.php\/tag\/vereador-jorge-quintino-anuncia-audiencia-publica-sobre-pessoas-com-autismo-na-camara-dos-vereadores\/","name":"Vereador Jorge Quintino Anuncia Audi\u00eancia P\u00fablica Sobre Pessoas com Autismo na C\u00e2mara dos Vereadores","slug":"vereador-jorge-quintino-anuncia-audiencia-publica-sobre-pessoas-com-autismo-na-camara-dos-vereadores","taxonomy":"post_tag","meta":[],"_links":{"self":[{"href":"https:\/\/blogdoedvaldomagalhaes.com.br\/index.php\/wp-json\/wp\/v2\/tags\/30081","targetHints":{"allow":["GET"]}}],"collection":[{"href":"https:\/\/blogdoedvaldomagalhaes.com.br\/index.php\/wp-json\/wp\/v2\/tags"}],"about":[{"href":"https:\/\/blogdoedvaldomagalhaes.com.br\/index.php\/wp-json\/wp\/v2\/taxonomies\/post_tag"}],"wp:post_type":[{"href":"https:\/\/blogdoedvaldomagalhaes.com.br\/index.php\/wp-json\/wp\/v2\/posts?tags=30081"}],"curies":[{"name":"wp","href":"https:\/\/api.w.org\/{rel}","templated":true}]}}