{"id":30072,"count":1,"description":"","link":"https:\/\/blogdoedvaldomagalhaes.com.br\/index.php\/tag\/acoes-conjuntas-voltadas-a-populacao-em-situacao-de-rua-realizadas-em-viaduto-de-caruaru\/","name":"A\u00e7\u00f5es conjuntas voltadas \u00e0 popula\u00e7\u00e3o em situa\u00e7\u00e3o de rua realizadas em viaduto de Caruaru","slug":"acoes-conjuntas-voltadas-a-populacao-em-situacao-de-rua-realizadas-em-viaduto-de-caruaru","taxonomy":"post_tag","meta":[],"_links":{"self":[{"href":"https:\/\/blogdoedvaldomagalhaes.com.br\/index.php\/wp-json\/wp\/v2\/tags\/30072","targetHints":{"allow":["GET"]}}],"collection":[{"href":"https:\/\/blogdoedvaldomagalhaes.com.br\/index.php\/wp-json\/wp\/v2\/tags"}],"about":[{"href":"https:\/\/blogdoedvaldomagalhaes.com.br\/index.php\/wp-json\/wp\/v2\/taxonomies\/post_tag"}],"wp:post_type":[{"href":"https:\/\/blogdoedvaldomagalhaes.com.br\/index.php\/wp-json\/wp\/v2\/posts?tags=30072"}],"curies":[{"name":"wp","href":"https:\/\/api.w.org\/{rel}","templated":true}]}}