{"id":30028,"count":1,"description":"","link":"https:\/\/blogdoedvaldomagalhaes.com.br\/index.php\/tag\/angela-maria-primeira-chefe-de-bacamarteiros-de-caruaru-e-uma-das-homenageadas-do-sao-joao-2024\/","name":"\u00c2ngela Maria primeira chefe de bacamarteiros de Caruaru \u00e9 uma das homenageadas do S\u00e3o Jo\u00e3o 2024","slug":"angela-maria-primeira-chefe-de-bacamarteiros-de-caruaru-e-uma-das-homenageadas-do-sao-joao-2024","taxonomy":"post_tag","meta":[],"_links":{"self":[{"href":"https:\/\/blogdoedvaldomagalhaes.com.br\/index.php\/wp-json\/wp\/v2\/tags\/30028","targetHints":{"allow":["GET"]}}],"collection":[{"href":"https:\/\/blogdoedvaldomagalhaes.com.br\/index.php\/wp-json\/wp\/v2\/tags"}],"about":[{"href":"https:\/\/blogdoedvaldomagalhaes.com.br\/index.php\/wp-json\/wp\/v2\/taxonomies\/post_tag"}],"wp:post_type":[{"href":"https:\/\/blogdoedvaldomagalhaes.com.br\/index.php\/wp-json\/wp\/v2\/posts?tags=30028"}],"curies":[{"name":"wp","href":"https:\/\/api.w.org\/{rel}","templated":true}]}}