{"id":29831,"count":1,"description":"","link":"https:\/\/blogdoedvaldomagalhaes.com.br\/index.php\/tag\/governadora-raquel-lyra-finaliza-agenda-em-brasilia-nesta-quarta-feira-em-reuniao-com-o-ministro-rui-costa-para-acoes-de-desenvolvimento-de-pernambuco\/","name":"Governadora Raquel Lyra finaliza agenda em Bras\u00edlia nesta quarta-feira em reuni\u00e3o com o ministro Rui Costa para a\u00e7\u00f5es de desenvolvimento de Pernambuco","slug":"governadora-raquel-lyra-finaliza-agenda-em-brasilia-nesta-quarta-feira-em-reuniao-com-o-ministro-rui-costa-para-acoes-de-desenvolvimento-de-pernambuco","taxonomy":"post_tag","meta":[],"_links":{"self":[{"href":"https:\/\/blogdoedvaldomagalhaes.com.br\/index.php\/wp-json\/wp\/v2\/tags\/29831","targetHints":{"allow":["GET"]}}],"collection":[{"href":"https:\/\/blogdoedvaldomagalhaes.com.br\/index.php\/wp-json\/wp\/v2\/tags"}],"about":[{"href":"https:\/\/blogdoedvaldomagalhaes.com.br\/index.php\/wp-json\/wp\/v2\/taxonomies\/post_tag"}],"wp:post_type":[{"href":"https:\/\/blogdoedvaldomagalhaes.com.br\/index.php\/wp-json\/wp\/v2\/posts?tags=29831"}],"curies":[{"name":"wp","href":"https:\/\/api.w.org\/{rel}","templated":true}]}}