{"id":29828,"count":1,"description":"","link":"https:\/\/blogdoedvaldomagalhaes.com.br\/index.php\/tag\/prefeito-rodrigo-pinheiro-tera-encontro-com-moradores-do-salgado-e-sao-joao-da-escocia\/","name":"Prefeito Rodrigo Pinheiro ter\u00e1 encontro com moradores do Salgado e S\u00e3o jo\u00e3o da Esc\u00f3cia","slug":"prefeito-rodrigo-pinheiro-tera-encontro-com-moradores-do-salgado-e-sao-joao-da-escocia","taxonomy":"post_tag","meta":[],"_links":{"self":[{"href":"https:\/\/blogdoedvaldomagalhaes.com.br\/index.php\/wp-json\/wp\/v2\/tags\/29828","targetHints":{"allow":["GET"]}}],"collection":[{"href":"https:\/\/blogdoedvaldomagalhaes.com.br\/index.php\/wp-json\/wp\/v2\/tags"}],"about":[{"href":"https:\/\/blogdoedvaldomagalhaes.com.br\/index.php\/wp-json\/wp\/v2\/taxonomies\/post_tag"}],"wp:post_type":[{"href":"https:\/\/blogdoedvaldomagalhaes.com.br\/index.php\/wp-json\/wp\/v2\/posts?tags=29828"}],"curies":[{"name":"wp","href":"https:\/\/api.w.org\/{rel}","templated":true}]}}