{"id":29788,"count":1,"description":"","link":"https:\/\/blogdoedvaldomagalhaes.com.br\/index.php\/tag\/caruaru-recebe-doacao-de-alimentos-em-parceria-entre-prefeitura-e-programa-de-aquisicao-de-alimentos\/","name":"Caruaru recebe doa\u00e7\u00e3o de alimentos em parceria entre Prefeitura e Programa de Aquisi\u00e7\u00e3o de Alimentos","slug":"caruaru-recebe-doacao-de-alimentos-em-parceria-entre-prefeitura-e-programa-de-aquisicao-de-alimentos","taxonomy":"post_tag","meta":[],"_links":{"self":[{"href":"https:\/\/blogdoedvaldomagalhaes.com.br\/index.php\/wp-json\/wp\/v2\/tags\/29788","targetHints":{"allow":["GET"]}}],"collection":[{"href":"https:\/\/blogdoedvaldomagalhaes.com.br\/index.php\/wp-json\/wp\/v2\/tags"}],"about":[{"href":"https:\/\/blogdoedvaldomagalhaes.com.br\/index.php\/wp-json\/wp\/v2\/taxonomies\/post_tag"}],"wp:post_type":[{"href":"https:\/\/blogdoedvaldomagalhaes.com.br\/index.php\/wp-json\/wp\/v2\/posts?tags=29788"}],"curies":[{"name":"wp","href":"https:\/\/api.w.org\/{rel}","templated":true}]}}