{"id":29775,"count":1,"description":"","link":"https:\/\/blogdoedvaldomagalhaes.com.br\/index.php\/tag\/governadora-raquel-lyra-participa-do-inicio-da-campanha-da-fraternidade-2024-e-lanca-acao-solidaria-realizada-pela-compesa\/","name":"Governadora Raquel Lyra participa do in\u00edcio da Campanha da Fraternidade 2024 e lan\u00e7a a\u00e7\u00e3o solid\u00e1ria realizada pela Compesa","slug":"governadora-raquel-lyra-participa-do-inicio-da-campanha-da-fraternidade-2024-e-lanca-acao-solidaria-realizada-pela-compesa","taxonomy":"post_tag","meta":[],"_links":{"self":[{"href":"https:\/\/blogdoedvaldomagalhaes.com.br\/index.php\/wp-json\/wp\/v2\/tags\/29775","targetHints":{"allow":["GET"]}}],"collection":[{"href":"https:\/\/blogdoedvaldomagalhaes.com.br\/index.php\/wp-json\/wp\/v2\/tags"}],"about":[{"href":"https:\/\/blogdoedvaldomagalhaes.com.br\/index.php\/wp-json\/wp\/v2\/taxonomies\/post_tag"}],"wp:post_type":[{"href":"https:\/\/blogdoedvaldomagalhaes.com.br\/index.php\/wp-json\/wp\/v2\/posts?tags=29775"}],"curies":[{"name":"wp","href":"https:\/\/api.w.org\/{rel}","templated":true}]}}