{"id":29661,"count":1,"description":"","link":"https:\/\/blogdoedvaldomagalhaes.com.br\/index.php\/tag\/caruaru-se-transforma-na-capital-do-frevo-e-do-axe-na-abertura-do-pre-carnaval-multicultural-2024-com-elifas-junior-marron-brasileiro-e-o-baiano-netinho\/","name":"Caruaru se transforma na Capital do Frevo e do Ax\u00e9 na abertura do Pr\u00e9-Carnaval Multicultural 2024 com Elifas J\u00fanior Marron Brasileiro e o baiano Netinho","slug":"caruaru-se-transforma-na-capital-do-frevo-e-do-axe-na-abertura-do-pre-carnaval-multicultural-2024-com-elifas-junior-marron-brasileiro-e-o-baiano-netinho","taxonomy":"post_tag","meta":[],"_links":{"self":[{"href":"https:\/\/blogdoedvaldomagalhaes.com.br\/index.php\/wp-json\/wp\/v2\/tags\/29661","targetHints":{"allow":["GET"]}}],"collection":[{"href":"https:\/\/blogdoedvaldomagalhaes.com.br\/index.php\/wp-json\/wp\/v2\/tags"}],"about":[{"href":"https:\/\/blogdoedvaldomagalhaes.com.br\/index.php\/wp-json\/wp\/v2\/taxonomies\/post_tag"}],"wp:post_type":[{"href":"https:\/\/blogdoedvaldomagalhaes.com.br\/index.php\/wp-json\/wp\/v2\/posts?tags=29661"}],"curies":[{"name":"wp","href":"https:\/\/api.w.org\/{rel}","templated":true}]}}