{"id":29625,"count":1,"description":"","link":"https:\/\/blogdoedvaldomagalhaes.com.br\/index.php\/tag\/governadora-raquel-lyra-comanda-reuniao-de-monitoramento-do-juntos-pela-seguranca-com-novos-comandantes-das-policias-militar-e-civil\/","name":"Governadora Raquel Lyra comanda reuni\u00e3o de monitoramento do Juntos pela Seguran\u00e7a com novos comandantes das pol\u00edcias Militar e Civil","slug":"governadora-raquel-lyra-comanda-reuniao-de-monitoramento-do-juntos-pela-seguranca-com-novos-comandantes-das-policias-militar-e-civil","taxonomy":"post_tag","meta":[],"_links":{"self":[{"href":"https:\/\/blogdoedvaldomagalhaes.com.br\/index.php\/wp-json\/wp\/v2\/tags\/29625","targetHints":{"allow":["GET"]}}],"collection":[{"href":"https:\/\/blogdoedvaldomagalhaes.com.br\/index.php\/wp-json\/wp\/v2\/tags"}],"about":[{"href":"https:\/\/blogdoedvaldomagalhaes.com.br\/index.php\/wp-json\/wp\/v2\/taxonomies\/post_tag"}],"wp:post_type":[{"href":"https:\/\/blogdoedvaldomagalhaes.com.br\/index.php\/wp-json\/wp\/v2\/posts?tags=29625"}],"curies":[{"name":"wp","href":"https:\/\/api.w.org\/{rel}","templated":true}]}}