{"id":29524,"count":1,"description":"","link":"https:\/\/blogdoedvaldomagalhaes.com.br\/index.php\/tag\/pre-carnaval-multicultural-2024-de-caruaru-tem-reuniao-e-visita-tecnica-nos-polos-de-animacao\/","name":"Pr\u00e9-Carnaval Multicultural 2024 de Caruaru tem reuni\u00e3o e visita t\u00e9cnica nos polos de anima\u00e7\u00e3o","slug":"pre-carnaval-multicultural-2024-de-caruaru-tem-reuniao-e-visita-tecnica-nos-polos-de-animacao","taxonomy":"post_tag","meta":[],"_links":{"self":[{"href":"https:\/\/blogdoedvaldomagalhaes.com.br\/index.php\/wp-json\/wp\/v2\/tags\/29524","targetHints":{"allow":["GET"]}}],"collection":[{"href":"https:\/\/blogdoedvaldomagalhaes.com.br\/index.php\/wp-json\/wp\/v2\/tags"}],"about":[{"href":"https:\/\/blogdoedvaldomagalhaes.com.br\/index.php\/wp-json\/wp\/v2\/taxonomies\/post_tag"}],"wp:post_type":[{"href":"https:\/\/blogdoedvaldomagalhaes.com.br\/index.php\/wp-json\/wp\/v2\/posts?tags=29524"}],"curies":[{"name":"wp","href":"https:\/\/api.w.org\/{rel}","templated":true}]}}