{"id":29515,"count":1,"description":"","link":"https:\/\/blogdoedvaldomagalhaes.com.br\/index.php\/tag\/complexo-de-saude-do-salgado-passa-a-ofertar-vacinacao-contra-covid-19-para-criancas-de-6-meses-a-5-anos\/","name":"Complexo de Sa\u00fade do Salgado passa a ofertar vacina\u00e7\u00e3o contra Covid-19 para crian\u00e7as de 6 meses a 5 anos","slug":"complexo-de-saude-do-salgado-passa-a-ofertar-vacinacao-contra-covid-19-para-criancas-de-6-meses-a-5-anos","taxonomy":"post_tag","meta":[],"_links":{"self":[{"href":"https:\/\/blogdoedvaldomagalhaes.com.br\/index.php\/wp-json\/wp\/v2\/tags\/29515","targetHints":{"allow":["GET"]}}],"collection":[{"href":"https:\/\/blogdoedvaldomagalhaes.com.br\/index.php\/wp-json\/wp\/v2\/tags"}],"about":[{"href":"https:\/\/blogdoedvaldomagalhaes.com.br\/index.php\/wp-json\/wp\/v2\/taxonomies\/post_tag"}],"wp:post_type":[{"href":"https:\/\/blogdoedvaldomagalhaes.com.br\/index.php\/wp-json\/wp\/v2\/posts?tags=29515"}],"curies":[{"name":"wp","href":"https:\/\/api.w.org\/{rel}","templated":true}]}}