{"id":29342,"count":1,"description":"","link":"https:\/\/blogdoedvaldomagalhaes.com.br\/index.php\/tag\/lancados-editais-do-sao-joao-2024-e-a-plataforma-mapa-cultural-durante-a-v-semana-viva-gonzaga\/","name":"Lan\u00e7ados editais do S\u00e3o Jo\u00e3o 2024 e a plataforma Mapa Cultural durante a V Semana Viva Gonzaga","slug":"lancados-editais-do-sao-joao-2024-e-a-plataforma-mapa-cultural-durante-a-v-semana-viva-gonzaga","taxonomy":"post_tag","meta":[],"_links":{"self":[{"href":"https:\/\/blogdoedvaldomagalhaes.com.br\/index.php\/wp-json\/wp\/v2\/tags\/29342","targetHints":{"allow":["GET"]}}],"collection":[{"href":"https:\/\/blogdoedvaldomagalhaes.com.br\/index.php\/wp-json\/wp\/v2\/tags"}],"about":[{"href":"https:\/\/blogdoedvaldomagalhaes.com.br\/index.php\/wp-json\/wp\/v2\/taxonomies\/post_tag"}],"wp:post_type":[{"href":"https:\/\/blogdoedvaldomagalhaes.com.br\/index.php\/wp-json\/wp\/v2\/posts?tags=29342"}],"curies":[{"name":"wp","href":"https:\/\/api.w.org\/{rel}","templated":true}]}}