{"id":29338,"count":1,"description":"","link":"https:\/\/blogdoedvaldomagalhaes.com.br\/index.php\/tag\/no-lancamento-do-minha-casa-minha-vida-cidades-em-brasilia-governadora-raquel-lyra-destaca-avancos-da-politica-habitacional-em-pernambuco\/","name":"No lan\u00e7amento do Minha Casa Minha Vida Cidades em Bras\u00edlia governadora Raquel Lyra destaca avan\u00e7os da pol\u00edtica habitacional em Pernambuco","slug":"no-lancamento-do-minha-casa-minha-vida-cidades-em-brasilia-governadora-raquel-lyra-destaca-avancos-da-politica-habitacional-em-pernambuco","taxonomy":"post_tag","meta":[],"_links":{"self":[{"href":"https:\/\/blogdoedvaldomagalhaes.com.br\/index.php\/wp-json\/wp\/v2\/tags\/29338","targetHints":{"allow":["GET"]}}],"collection":[{"href":"https:\/\/blogdoedvaldomagalhaes.com.br\/index.php\/wp-json\/wp\/v2\/tags"}],"about":[{"href":"https:\/\/blogdoedvaldomagalhaes.com.br\/index.php\/wp-json\/wp\/v2\/taxonomies\/post_tag"}],"wp:post_type":[{"href":"https:\/\/blogdoedvaldomagalhaes.com.br\/index.php\/wp-json\/wp\/v2\/posts?tags=29338"}],"curies":[{"name":"wp","href":"https:\/\/api.w.org\/{rel}","templated":true}]}}