{"id":29335,"count":1,"description":"","link":"https:\/\/blogdoedvaldomagalhaes.com.br\/index.php\/tag\/caruaru-recebe-acao-gratuita-de-vacinacao-antirrabica-e-adocao-responsavel-de-caes-e-gatos-nesta-quarta-13\/","name":"Caruaru recebe a\u00e7\u00e3o gratuita de vacina\u00e7\u00e3o antirr\u00e1bica e ado\u00e7\u00e3o respons\u00e1vel de c\u00e3es e gatos nesta quarta (13)","slug":"caruaru-recebe-acao-gratuita-de-vacinacao-antirrabica-e-adocao-responsavel-de-caes-e-gatos-nesta-quarta-13","taxonomy":"post_tag","meta":[],"_links":{"self":[{"href":"https:\/\/blogdoedvaldomagalhaes.com.br\/index.php\/wp-json\/wp\/v2\/tags\/29335","targetHints":{"allow":["GET"]}}],"collection":[{"href":"https:\/\/blogdoedvaldomagalhaes.com.br\/index.php\/wp-json\/wp\/v2\/tags"}],"about":[{"href":"https:\/\/blogdoedvaldomagalhaes.com.br\/index.php\/wp-json\/wp\/v2\/taxonomies\/post_tag"}],"wp:post_type":[{"href":"https:\/\/blogdoedvaldomagalhaes.com.br\/index.php\/wp-json\/wp\/v2\/posts?tags=29335"}],"curies":[{"name":"wp","href":"https:\/\/api.w.org\/{rel}","templated":true}]}}