{"id":29274,"count":1,"description":"","link":"https:\/\/blogdoedvaldomagalhaes.com.br\/index.php\/tag\/representantes-da-fundacao-de-cultura-de-caruaru-participam-de-reuniao-na-bahia-para-promover-o-fortalecimento-das-manifestacoes-culturais\/","name":"Representantes da Funda\u00e7\u00e3o de Cultura de Caruaru participam de reuni\u00e3o na Bahia para promover o fortalecimento das manifesta\u00e7\u00f5es culturais","slug":"representantes-da-fundacao-de-cultura-de-caruaru-participam-de-reuniao-na-bahia-para-promover-o-fortalecimento-das-manifestacoes-culturais","taxonomy":"post_tag","meta":[],"_links":{"self":[{"href":"https:\/\/blogdoedvaldomagalhaes.com.br\/index.php\/wp-json\/wp\/v2\/tags\/29274","targetHints":{"allow":["GET"]}}],"collection":[{"href":"https:\/\/blogdoedvaldomagalhaes.com.br\/index.php\/wp-json\/wp\/v2\/tags"}],"about":[{"href":"https:\/\/blogdoedvaldomagalhaes.com.br\/index.php\/wp-json\/wp\/v2\/taxonomies\/post_tag"}],"wp:post_type":[{"href":"https:\/\/blogdoedvaldomagalhaes.com.br\/index.php\/wp-json\/wp\/v2\/posts?tags=29274"}],"curies":[{"name":"wp","href":"https:\/\/api.w.org\/{rel}","templated":true}]}}