{"id":29271,"count":1,"description":"","link":"https:\/\/blogdoedvaldomagalhaes.com.br\/index.php\/tag\/dupla-e-presa-por-crime-ambiental-em-area-de-preservacao-construcao-de-moradias-em-area-de-mangue\/","name":"Dupla \u00e9 presa por crime ambiental em \u00e1rea de preserva\u00e7\u00e3o: constru\u00e7\u00e3o de moradias em \u00e1rea de mangue","slug":"dupla-e-presa-por-crime-ambiental-em-area-de-preservacao-construcao-de-moradias-em-area-de-mangue","taxonomy":"post_tag","meta":[],"_links":{"self":[{"href":"https:\/\/blogdoedvaldomagalhaes.com.br\/index.php\/wp-json\/wp\/v2\/tags\/29271","targetHints":{"allow":["GET"]}}],"collection":[{"href":"https:\/\/blogdoedvaldomagalhaes.com.br\/index.php\/wp-json\/wp\/v2\/tags"}],"about":[{"href":"https:\/\/blogdoedvaldomagalhaes.com.br\/index.php\/wp-json\/wp\/v2\/taxonomies\/post_tag"}],"wp:post_type":[{"href":"https:\/\/blogdoedvaldomagalhaes.com.br\/index.php\/wp-json\/wp\/v2\/posts?tags=29271"}],"curies":[{"name":"wp","href":"https:\/\/api.w.org\/{rel}","templated":true}]}}