{"id":29259,"count":1,"description":"","link":"https:\/\/blogdoedvaldomagalhaes.com.br\/index.php\/tag\/cop-28-pernambuco-e-o-unico-estado-do-nordeste-a-participar-de-discussao-com-estados-subnacionais-sobre-acao-climatica-global\/","name":"COP 28: Pernambuco \u00e9 o \u00fanico estado do Nordeste a participar de discuss\u00e3o com estados subnacionais sobre a\u00e7\u00e3o clim\u00e1tica global","slug":"cop-28-pernambuco-e-o-unico-estado-do-nordeste-a-participar-de-discussao-com-estados-subnacionais-sobre-acao-climatica-global","taxonomy":"post_tag","meta":[],"_links":{"self":[{"href":"https:\/\/blogdoedvaldomagalhaes.com.br\/index.php\/wp-json\/wp\/v2\/tags\/29259","targetHints":{"allow":["GET"]}}],"collection":[{"href":"https:\/\/blogdoedvaldomagalhaes.com.br\/index.php\/wp-json\/wp\/v2\/tags"}],"about":[{"href":"https:\/\/blogdoedvaldomagalhaes.com.br\/index.php\/wp-json\/wp\/v2\/taxonomies\/post_tag"}],"wp:post_type":[{"href":"https:\/\/blogdoedvaldomagalhaes.com.br\/index.php\/wp-json\/wp\/v2\/posts?tags=29259"}],"curies":[{"name":"wp","href":"https:\/\/api.w.org\/{rel}","templated":true}]}}