{"id":29257,"count":1,"description":"","link":"https:\/\/blogdoedvaldomagalhaes.com.br\/index.php\/tag\/cop-28-pernambuco-ingressa-no-consorcio-brasil-verde-articulacao-interestadual-de-desenvolvimento-sustentavel\/","name":"COP 28: Pernambuco ingressa no Cons\u00f3rcio Brasil Verde articula\u00e7\u00e3o interestadual de desenvolvimento sustent\u00e1vel","slug":"cop-28-pernambuco-ingressa-no-consorcio-brasil-verde-articulacao-interestadual-de-desenvolvimento-sustentavel","taxonomy":"post_tag","meta":[],"_links":{"self":[{"href":"https:\/\/blogdoedvaldomagalhaes.com.br\/index.php\/wp-json\/wp\/v2\/tags\/29257","targetHints":{"allow":["GET"]}}],"collection":[{"href":"https:\/\/blogdoedvaldomagalhaes.com.br\/index.php\/wp-json\/wp\/v2\/tags"}],"about":[{"href":"https:\/\/blogdoedvaldomagalhaes.com.br\/index.php\/wp-json\/wp\/v2\/taxonomies\/post_tag"}],"wp:post_type":[{"href":"https:\/\/blogdoedvaldomagalhaes.com.br\/index.php\/wp-json\/wp\/v2\/posts?tags=29257"}],"curies":[{"name":"wp","href":"https:\/\/api.w.org\/{rel}","templated":true}]}}