{"id":29240,"count":1,"description":"","link":"https:\/\/blogdoedvaldomagalhaes.com.br\/index.php\/tag\/governo-pe-reforca-rede-de-saude-com-nomeacao-de-mais-138-medicos-e-soma-315-nomeacoes-destes-profissionais-desde-janeiro\/","name":"Governo-PE refor\u00e7a rede de sa\u00fade com nomea\u00e7\u00e3o de mais 138 m\u00e9dicos e soma 315 nomea\u00e7\u00f5es destes profissionais desde janeiro","slug":"governo-pe-reforca-rede-de-saude-com-nomeacao-de-mais-138-medicos-e-soma-315-nomeacoes-destes-profissionais-desde-janeiro","taxonomy":"post_tag","meta":[],"_links":{"self":[{"href":"https:\/\/blogdoedvaldomagalhaes.com.br\/index.php\/wp-json\/wp\/v2\/tags\/29240","targetHints":{"allow":["GET"]}}],"collection":[{"href":"https:\/\/blogdoedvaldomagalhaes.com.br\/index.php\/wp-json\/wp\/v2\/tags"}],"about":[{"href":"https:\/\/blogdoedvaldomagalhaes.com.br\/index.php\/wp-json\/wp\/v2\/taxonomies\/post_tag"}],"wp:post_type":[{"href":"https:\/\/blogdoedvaldomagalhaes.com.br\/index.php\/wp-json\/wp\/v2\/posts?tags=29240"}],"curies":[{"name":"wp","href":"https:\/\/api.w.org\/{rel}","templated":true}]}}