{"id":29237,"count":1,"description":"","link":"https:\/\/blogdoedvaldomagalhaes.com.br\/index.php\/tag\/caruaru-realiza-segunda-edicao-do-festival-de-arte-e-cultura-estudantil-ate-sexta-feira-1\/","name":"Caruaru realiza segunda edi\u00e7\u00e3o do Festival de Arte e Cultura Estudantil at\u00e9 sexta-feira (1\u00b0)","slug":"caruaru-realiza-segunda-edicao-do-festival-de-arte-e-cultura-estudantil-ate-sexta-feira-1","taxonomy":"post_tag","meta":[],"_links":{"self":[{"href":"https:\/\/blogdoedvaldomagalhaes.com.br\/index.php\/wp-json\/wp\/v2\/tags\/29237","targetHints":{"allow":["GET"]}}],"collection":[{"href":"https:\/\/blogdoedvaldomagalhaes.com.br\/index.php\/wp-json\/wp\/v2\/tags"}],"about":[{"href":"https:\/\/blogdoedvaldomagalhaes.com.br\/index.php\/wp-json\/wp\/v2\/taxonomies\/post_tag"}],"wp:post_type":[{"href":"https:\/\/blogdoedvaldomagalhaes.com.br\/index.php\/wp-json\/wp\/v2\/posts?tags=29237"}],"curies":[{"name":"wp","href":"https:\/\/api.w.org\/{rel}","templated":true}]}}