{"id":29236,"count":1,"description":"","link":"https:\/\/blogdoedvaldomagalhaes.com.br\/index.php\/tag\/exposicao-orgulho-negro-esta-aberta-ao-publico-na-fundacao-de-cultura-de-caruaru-ate-terca-feira-5\/","name":"Exposi\u00e7\u00e3o Orgulho Negro est\u00e1 aberta ao p\u00fablico na Funda\u00e7\u00e3o de Cultura de Caruaru at\u00e9 ter\u00e7a-feira (5)","slug":"exposicao-orgulho-negro-esta-aberta-ao-publico-na-fundacao-de-cultura-de-caruaru-ate-terca-feira-5","taxonomy":"post_tag","meta":[],"_links":{"self":[{"href":"https:\/\/blogdoedvaldomagalhaes.com.br\/index.php\/wp-json\/wp\/v2\/tags\/29236","targetHints":{"allow":["GET"]}}],"collection":[{"href":"https:\/\/blogdoedvaldomagalhaes.com.br\/index.php\/wp-json\/wp\/v2\/tags"}],"about":[{"href":"https:\/\/blogdoedvaldomagalhaes.com.br\/index.php\/wp-json\/wp\/v2\/taxonomies\/post_tag"}],"wp:post_type":[{"href":"https:\/\/blogdoedvaldomagalhaes.com.br\/index.php\/wp-json\/wp\/v2\/posts?tags=29236"}],"curies":[{"name":"wp","href":"https:\/\/api.w.org\/{rel}","templated":true}]}}