{"id":29235,"count":1,"description":"","link":"https:\/\/blogdoedvaldomagalhaes.com.br\/index.php\/tag\/projeto-submetido-pelo-escritorio-social-do-conselho-nacional-de-justica-em-caruaru-e-aceito-pelo-ministerio-publico-de-pernambuco\/","name":"Projeto submetido pelo Escrit\u00f3rio Social do Conselho Nacional de Justi\u00e7a em Caruaru \u00e9 aceito pelo Minist\u00e9rio P\u00fablico de Pernambuco","slug":"projeto-submetido-pelo-escritorio-social-do-conselho-nacional-de-justica-em-caruaru-e-aceito-pelo-ministerio-publico-de-pernambuco","taxonomy":"post_tag","meta":[],"_links":{"self":[{"href":"https:\/\/blogdoedvaldomagalhaes.com.br\/index.php\/wp-json\/wp\/v2\/tags\/29235","targetHints":{"allow":["GET"]}}],"collection":[{"href":"https:\/\/blogdoedvaldomagalhaes.com.br\/index.php\/wp-json\/wp\/v2\/tags"}],"about":[{"href":"https:\/\/blogdoedvaldomagalhaes.com.br\/index.php\/wp-json\/wp\/v2\/taxonomies\/post_tag"}],"wp:post_type":[{"href":"https:\/\/blogdoedvaldomagalhaes.com.br\/index.php\/wp-json\/wp\/v2\/posts?tags=29235"}],"curies":[{"name":"wp","href":"https:\/\/api.w.org\/{rel}","templated":true}]}}