{"id":29229,"count":1,"description":"","link":"https:\/\/blogdoedvaldomagalhaes.com.br\/index.php\/tag\/anderson-correia-propoe-criacao-do-cartao-bolsa-racao-para-protetores-e-tutores-baixa-renda\/","name":"Anderson Correia prop\u00f5e cria\u00e7\u00e3o do Cart\u00e3o Bolsa Ra\u00e7\u00e3o para protetores e tutores baixa renda","slug":"anderson-correia-propoe-criacao-do-cartao-bolsa-racao-para-protetores-e-tutores-baixa-renda","taxonomy":"post_tag","meta":[],"_links":{"self":[{"href":"https:\/\/blogdoedvaldomagalhaes.com.br\/index.php\/wp-json\/wp\/v2\/tags\/29229","targetHints":{"allow":["GET"]}}],"collection":[{"href":"https:\/\/blogdoedvaldomagalhaes.com.br\/index.php\/wp-json\/wp\/v2\/tags"}],"about":[{"href":"https:\/\/blogdoedvaldomagalhaes.com.br\/index.php\/wp-json\/wp\/v2\/taxonomies\/post_tag"}],"wp:post_type":[{"href":"https:\/\/blogdoedvaldomagalhaes.com.br\/index.php\/wp-json\/wp\/v2\/posts?tags=29229"}],"curies":[{"name":"wp","href":"https:\/\/api.w.org\/{rel}","templated":true}]}}