{"id":29228,"count":1,"description":"","link":"https:\/\/blogdoedvaldomagalhaes.com.br\/index.php\/tag\/governadora-raquel-lyra-visita-area-em-que-sera-construida-a-escola-de-sargentos-em-pernambuco-e-destaca-relevancia-de-unir-construcao-e-atencao-a-pauta-ambiental\/","name":"Governadora Raquel Lyra visita \u00e1rea em que ser\u00e1 constru\u00edda a Escola de Sargentos em Pernambuco e destaca relev\u00e2ncia de unir constru\u00e7\u00e3o e aten\u00e7\u00e3o \u00e0 pauta ambiental","slug":"governadora-raquel-lyra-visita-area-em-que-sera-construida-a-escola-de-sargentos-em-pernambuco-e-destaca-relevancia-de-unir-construcao-e-atencao-a-pauta-ambiental","taxonomy":"post_tag","meta":[],"_links":{"self":[{"href":"https:\/\/blogdoedvaldomagalhaes.com.br\/index.php\/wp-json\/wp\/v2\/tags\/29228","targetHints":{"allow":["GET"]}}],"collection":[{"href":"https:\/\/blogdoedvaldomagalhaes.com.br\/index.php\/wp-json\/wp\/v2\/tags"}],"about":[{"href":"https:\/\/blogdoedvaldomagalhaes.com.br\/index.php\/wp-json\/wp\/v2\/taxonomies\/post_tag"}],"wp:post_type":[{"href":"https:\/\/blogdoedvaldomagalhaes.com.br\/index.php\/wp-json\/wp\/v2\/posts?tags=29228"}],"curies":[{"name":"wp","href":"https:\/\/api.w.org\/{rel}","templated":true}]}}