{"id":29220,"count":1,"description":"","link":"https:\/\/blogdoedvaldomagalhaes.com.br\/index.php\/tag\/caruaru-e-um-dos-primeiros-municipios-do-brasil-a-ter-aprovacao-no-plano-nacional-aldir-blanc\/","name":"Caruaru \u00e9 um dos primeiros munic\u00edpios do Brasil a ter aprova\u00e7\u00e3o no Plano Nacional Aldir Blanc","slug":"caruaru-e-um-dos-primeiros-municipios-do-brasil-a-ter-aprovacao-no-plano-nacional-aldir-blanc","taxonomy":"post_tag","meta":[],"_links":{"self":[{"href":"https:\/\/blogdoedvaldomagalhaes.com.br\/index.php\/wp-json\/wp\/v2\/tags\/29220","targetHints":{"allow":["GET"]}}],"collection":[{"href":"https:\/\/blogdoedvaldomagalhaes.com.br\/index.php\/wp-json\/wp\/v2\/tags"}],"about":[{"href":"https:\/\/blogdoedvaldomagalhaes.com.br\/index.php\/wp-json\/wp\/v2\/taxonomies\/post_tag"}],"wp:post_type":[{"href":"https:\/\/blogdoedvaldomagalhaes.com.br\/index.php\/wp-json\/wp\/v2\/posts?tags=29220"}],"curies":[{"name":"wp","href":"https:\/\/api.w.org\/{rel}","templated":true}]}}