{"id":29219,"count":1,"description":"","link":"https:\/\/blogdoedvaldomagalhaes.com.br\/index.php\/tag\/governadora-raquel-lyra-lanca-novo-plano-juntos-pela-seguranca-com-detalhamento-de-metas-e-acoes-para-reduzir-crimes-em-30-ate-2026\/","name":"Governadora Raquel Lyra lan\u00e7a novo plano Juntos pela Seguran\u00e7a com detalhamento de metas e a\u00e7\u00f5es para reduzir crimes em 30% at\u00e9 2026","slug":"governadora-raquel-lyra-lanca-novo-plano-juntos-pela-seguranca-com-detalhamento-de-metas-e-acoes-para-reduzir-crimes-em-30-ate-2026","taxonomy":"post_tag","meta":[],"_links":{"self":[{"href":"https:\/\/blogdoedvaldomagalhaes.com.br\/index.php\/wp-json\/wp\/v2\/tags\/29219","targetHints":{"allow":["GET"]}}],"collection":[{"href":"https:\/\/blogdoedvaldomagalhaes.com.br\/index.php\/wp-json\/wp\/v2\/tags"}],"about":[{"href":"https:\/\/blogdoedvaldomagalhaes.com.br\/index.php\/wp-json\/wp\/v2\/taxonomies\/post_tag"}],"wp:post_type":[{"href":"https:\/\/blogdoedvaldomagalhaes.com.br\/index.php\/wp-json\/wp\/v2\/posts?tags=29219"}],"curies":[{"name":"wp","href":"https:\/\/api.w.org\/{rel}","templated":true}]}}