{"id":29211,"count":1,"description":"","link":"https:\/\/blogdoedvaldomagalhaes.com.br\/index.php\/tag\/i-simposio-interdisciplinar-do-nordeste-de-direitos-e-cuidados-da-pessoa-com-autismo-esta-com-inscricoes-abertas\/","name":"I Simp\u00f3sio Interdisciplinar do Nordeste de Direitos e Cuidados da Pessoa com Autismo est\u00e1 com inscri\u00e7\u00f5es abertas","slug":"i-simposio-interdisciplinar-do-nordeste-de-direitos-e-cuidados-da-pessoa-com-autismo-esta-com-inscricoes-abertas","taxonomy":"post_tag","meta":[],"_links":{"self":[{"href":"https:\/\/blogdoedvaldomagalhaes.com.br\/index.php\/wp-json\/wp\/v2\/tags\/29211","targetHints":{"allow":["GET"]}}],"collection":[{"href":"https:\/\/blogdoedvaldomagalhaes.com.br\/index.php\/wp-json\/wp\/v2\/tags"}],"about":[{"href":"https:\/\/blogdoedvaldomagalhaes.com.br\/index.php\/wp-json\/wp\/v2\/taxonomies\/post_tag"}],"wp:post_type":[{"href":"https:\/\/blogdoedvaldomagalhaes.com.br\/index.php\/wp-json\/wp\/v2\/posts?tags=29211"}],"curies":[{"name":"wp","href":"https:\/\/api.w.org\/{rel}","templated":true}]}}