{"id":29196,"count":1,"description":"","link":"https:\/\/blogdoedvaldomagalhaes.com.br\/index.php\/tag\/reconstrucao-da-avenida-jose-rodrigues-de-jesus-ocorrera-ja-a-partir-do-inicio-de-2024\/","name":"Reconstru\u00e7\u00e3o da Avenida Jos\u00e9 Rodrigues de Jesus ocorrer\u00e1 j\u00e1 a partir do in\u00edcio de 2024","slug":"reconstrucao-da-avenida-jose-rodrigues-de-jesus-ocorrera-ja-a-partir-do-inicio-de-2024","taxonomy":"post_tag","meta":[],"_links":{"self":[{"href":"https:\/\/blogdoedvaldomagalhaes.com.br\/index.php\/wp-json\/wp\/v2\/tags\/29196","targetHints":{"allow":["GET"]}}],"collection":[{"href":"https:\/\/blogdoedvaldomagalhaes.com.br\/index.php\/wp-json\/wp\/v2\/tags"}],"about":[{"href":"https:\/\/blogdoedvaldomagalhaes.com.br\/index.php\/wp-json\/wp\/v2\/taxonomies\/post_tag"}],"wp:post_type":[{"href":"https:\/\/blogdoedvaldomagalhaes.com.br\/index.php\/wp-json\/wp\/v2\/posts?tags=29196"}],"curies":[{"name":"wp","href":"https:\/\/api.w.org\/{rel}","templated":true}]}}