{"id":29191,"count":1,"description":"","link":"https:\/\/blogdoedvaldomagalhaes.com.br\/index.php\/tag\/sefaz-promove-mutirao-para-contribuintes-de-pernambuco-aderirem-ao-divida-zero-ate-o-dia-30-de-novembro\/","name":"Sefaz promove mutir\u00e3o para contribuintes de Pernambuco aderirem ao D\u00edvida Zero at\u00e9 o dia 30 de novembro","slug":"sefaz-promove-mutirao-para-contribuintes-de-pernambuco-aderirem-ao-divida-zero-ate-o-dia-30-de-novembro","taxonomy":"post_tag","meta":[],"_links":{"self":[{"href":"https:\/\/blogdoedvaldomagalhaes.com.br\/index.php\/wp-json\/wp\/v2\/tags\/29191","targetHints":{"allow":["GET"]}}],"collection":[{"href":"https:\/\/blogdoedvaldomagalhaes.com.br\/index.php\/wp-json\/wp\/v2\/tags"}],"about":[{"href":"https:\/\/blogdoedvaldomagalhaes.com.br\/index.php\/wp-json\/wp\/v2\/taxonomies\/post_tag"}],"wp:post_type":[{"href":"https:\/\/blogdoedvaldomagalhaes.com.br\/index.php\/wp-json\/wp\/v2\/posts?tags=29191"}],"curies":[{"name":"wp","href":"https:\/\/api.w.org\/{rel}","templated":true}]}}