{"id":29061,"count":1,"description":"","link":"https:\/\/blogdoedvaldomagalhaes.com.br\/index.php\/tag\/para-governadora-raquel-lyra-aprovacao-da-reforma-tributaria-no-senado-representa-fortalecimento-da-competitividade-do-nordeste\/","name":"Para governadora Raquel Lyra aprova\u00e7\u00e3o da Reforma Tribut\u00e1ria no Senado representa fortalecimento da competitividade do Nordeste","slug":"para-governadora-raquel-lyra-aprovacao-da-reforma-tributaria-no-senado-representa-fortalecimento-da-competitividade-do-nordeste","taxonomy":"post_tag","meta":[],"_links":{"self":[{"href":"https:\/\/blogdoedvaldomagalhaes.com.br\/index.php\/wp-json\/wp\/v2\/tags\/29061","targetHints":{"allow":["GET"]}}],"collection":[{"href":"https:\/\/blogdoedvaldomagalhaes.com.br\/index.php\/wp-json\/wp\/v2\/tags"}],"about":[{"href":"https:\/\/blogdoedvaldomagalhaes.com.br\/index.php\/wp-json\/wp\/v2\/taxonomies\/post_tag"}],"wp:post_type":[{"href":"https:\/\/blogdoedvaldomagalhaes.com.br\/index.php\/wp-json\/wp\/v2\/posts?tags=29061"}],"curies":[{"name":"wp","href":"https:\/\/api.w.org\/{rel}","templated":true}]}}