{"id":29059,"count":1,"description":"","link":"https:\/\/blogdoedvaldomagalhaes.com.br\/index.php\/tag\/prefeitura-de-caruaru-e-fundacao-de-cultura-celebram-nova-lei-federal-que-reconhece-o-forro-como-manifestacao-de-cultura-nacional\/","name":"Prefeitura de Caruaru e Funda\u00e7\u00e3o de Cultura celebram nova Lei Federal que reconhece o Forr\u00f3 como Manifesta\u00e7\u00e3o de Cultura Nacional","slug":"prefeitura-de-caruaru-e-fundacao-de-cultura-celebram-nova-lei-federal-que-reconhece-o-forro-como-manifestacao-de-cultura-nacional","taxonomy":"post_tag","meta":[],"_links":{"self":[{"href":"https:\/\/blogdoedvaldomagalhaes.com.br\/index.php\/wp-json\/wp\/v2\/tags\/29059","targetHints":{"allow":["GET"]}}],"collection":[{"href":"https:\/\/blogdoedvaldomagalhaes.com.br\/index.php\/wp-json\/wp\/v2\/tags"}],"about":[{"href":"https:\/\/blogdoedvaldomagalhaes.com.br\/index.php\/wp-json\/wp\/v2\/taxonomies\/post_tag"}],"wp:post_type":[{"href":"https:\/\/blogdoedvaldomagalhaes.com.br\/index.php\/wp-json\/wp\/v2\/posts?tags=29059"}],"curies":[{"name":"wp","href":"https:\/\/api.w.org\/{rel}","templated":true}]}}