{"id":29046,"count":1,"description":"","link":"https:\/\/blogdoedvaldomagalhaes.com.br\/index.php\/tag\/prefeito-rodrigo-pinheiro-assina-contrato-com-a-empresa-do-brasil-de-comunicacao-ebc-para-lancamento-da-tv-municipal\/","name":"Prefeito Rodrigo Pinheiro assina contrato com a Empresa do Brasil de Comunica\u00e7\u00e3o (EBC) para lan\u00e7amento da TV municipal","slug":"prefeito-rodrigo-pinheiro-assina-contrato-com-a-empresa-do-brasil-de-comunicacao-ebc-para-lancamento-da-tv-municipal","taxonomy":"post_tag","meta":[],"_links":{"self":[{"href":"https:\/\/blogdoedvaldomagalhaes.com.br\/index.php\/wp-json\/wp\/v2\/tags\/29046","targetHints":{"allow":["GET"]}}],"collection":[{"href":"https:\/\/blogdoedvaldomagalhaes.com.br\/index.php\/wp-json\/wp\/v2\/tags"}],"about":[{"href":"https:\/\/blogdoedvaldomagalhaes.com.br\/index.php\/wp-json\/wp\/v2\/taxonomies\/post_tag"}],"wp:post_type":[{"href":"https:\/\/blogdoedvaldomagalhaes.com.br\/index.php\/wp-json\/wp\/v2\/posts?tags=29046"}],"curies":[{"name":"wp","href":"https:\/\/api.w.org\/{rel}","templated":true}]}}