{"id":29040,"count":1,"description":"","link":"https:\/\/blogdoedvaldomagalhaes.com.br\/index.php\/tag\/exposicao-orgulho-negro-tera-mesa-redonda-apresentacao-artistica-e-noite-do-acaraje\/","name":"Exposi\u00e7\u00e3o Orgulho Negro ter\u00e1 mesa-redonda apresenta\u00e7\u00e3o art\u00edstica e noite do acaraj\u00e9","slug":"exposicao-orgulho-negro-tera-mesa-redonda-apresentacao-artistica-e-noite-do-acaraje","taxonomy":"post_tag","meta":[],"_links":{"self":[{"href":"https:\/\/blogdoedvaldomagalhaes.com.br\/index.php\/wp-json\/wp\/v2\/tags\/29040","targetHints":{"allow":["GET"]}}],"collection":[{"href":"https:\/\/blogdoedvaldomagalhaes.com.br\/index.php\/wp-json\/wp\/v2\/tags"}],"about":[{"href":"https:\/\/blogdoedvaldomagalhaes.com.br\/index.php\/wp-json\/wp\/v2\/taxonomies\/post_tag"}],"wp:post_type":[{"href":"https:\/\/blogdoedvaldomagalhaes.com.br\/index.php\/wp-json\/wp\/v2\/posts?tags=29040"}],"curies":[{"name":"wp","href":"https:\/\/api.w.org\/{rel}","templated":true}]}}