{"id":29038,"count":1,"description":"","link":"https:\/\/blogdoedvaldomagalhaes.com.br\/index.php\/tag\/morar-bem-entrada-garantida-politica-habitacional-de-pernambuco-ganha-reconhecimento-em-premiacao-nacional\/","name":"Morar Bem - Entrada Garantida: pol\u00edtica habitacional de Pernambuco ganha reconhecimento em premia\u00e7\u00e3o nacional","slug":"morar-bem-entrada-garantida-politica-habitacional-de-pernambuco-ganha-reconhecimento-em-premiacao-nacional","taxonomy":"post_tag","meta":[],"_links":{"self":[{"href":"https:\/\/blogdoedvaldomagalhaes.com.br\/index.php\/wp-json\/wp\/v2\/tags\/29038","targetHints":{"allow":["GET"]}}],"collection":[{"href":"https:\/\/blogdoedvaldomagalhaes.com.br\/index.php\/wp-json\/wp\/v2\/tags"}],"about":[{"href":"https:\/\/blogdoedvaldomagalhaes.com.br\/index.php\/wp-json\/wp\/v2\/taxonomies\/post_tag"}],"wp:post_type":[{"href":"https:\/\/blogdoedvaldomagalhaes.com.br\/index.php\/wp-json\/wp\/v2\/posts?tags=29038"}],"curies":[{"name":"wp","href":"https:\/\/api.w.org\/{rel}","templated":true}]}}