{"id":29035,"count":1,"description":"","link":"https:\/\/blogdoedvaldomagalhaes.com.br\/index.php\/tag\/procon-caruaru-divulga-mais-uma-cotacao-de-precos-da-cesta-basica-e-do-gas-de-cozinha\/","name":"Procon Caruaru divulga mais uma cota\u00e7\u00e3o de pre\u00e7os da Cesta B\u00e1sica e do g\u00e1s de cozinha","slug":"procon-caruaru-divulga-mais-uma-cotacao-de-precos-da-cesta-basica-e-do-gas-de-cozinha","taxonomy":"post_tag","meta":[],"_links":{"self":[{"href":"https:\/\/blogdoedvaldomagalhaes.com.br\/index.php\/wp-json\/wp\/v2\/tags\/29035","targetHints":{"allow":["GET"]}}],"collection":[{"href":"https:\/\/blogdoedvaldomagalhaes.com.br\/index.php\/wp-json\/wp\/v2\/tags"}],"about":[{"href":"https:\/\/blogdoedvaldomagalhaes.com.br\/index.php\/wp-json\/wp\/v2\/taxonomies\/post_tag"}],"wp:post_type":[{"href":"https:\/\/blogdoedvaldomagalhaes.com.br\/index.php\/wp-json\/wp\/v2\/posts?tags=29035"}],"curies":[{"name":"wp","href":"https:\/\/api.w.org\/{rel}","templated":true}]}}